{"id":5619,"date":"2025-10-24T13:44:53","date_gmt":"2025-10-24T12:44:53","guid":{"rendered":"https:\/\/www.imspbdn.cat\/?post_type=noticia&#038;p=5619"},"modified":"2025-10-24T13:57:53","modified_gmt":"2025-10-24T12:57:53","slug":"les-escoles-deducacio-especial-de-badalona-organitzen-una-xerrada-sobre-dependencia-i-suports-per-a-les-families","status":"publish","type":"noticia","link":"https:\/\/www.imspbdn.cat\/es\/noticies\/les-escoles-deducacio-especial-de-badalona-organitzen-una-xerrada-sobre-dependencia-i-suports-per-a-les-families\/","title":{"rendered":"Les escoles d\u2019educaci\u00f3 especial de Badalona organitzen una xerrada sobre depend\u00e8ncia i suports per a les fam\u00edlies"},"featured_media":5620,"template":"","meta":{"site-sidebar-layout":"default","site-content-layout":"default","ast-global-header-display":"","ast-main-header-display":"","ast-hfb-above-header-display":"","ast-hfb-below-header-display":"","ast-hfb-mobile-header-display":"","site-post-title":"","ast-breadcrumbs-content":"","ast-featured-img":"","footer-sml-layout":"","theme-transparent-header-meta":"default","adv-header-id-meta":"","stick-header-meta":"default","header-above-stick-meta":"","header-main-stick-meta":"","header-below-stick-meta":""},"class_list":["post-5619","noticia","type-noticia","status-publish","has-post-thumbnail","hentry"],"acf":[],"_links":{"self":[{"href":"https:\/\/www.imspbdn.cat\/es\/wp-json\/wp\/v2\/noticia\/5619","targetHints":{"allow":["GET"]}}],"collection":[{"href":"https:\/\/www.imspbdn.cat\/es\/wp-json\/wp\/v2\/noticia"}],"about":[{"href":"https:\/\/www.imspbdn.cat\/es\/wp-json\/wp\/v2\/types\/noticia"}],"wp:featuredmedia":[{"embeddable":true,"href":"https:\/\/www.imspbdn.cat\/es\/wp-json\/wp\/v2\/media\/5620"}],"wp:attachment":[{"href":"https:\/\/www.imspbdn.cat\/es\/wp-json\/wp\/v2\/media?parent=5619"}],"curies":[{"name":"wp","href":"https:\/\/api.w.org\/{rel}","templated":true}]}}