{"id":5489,"date":"2025-07-03T10:59:13","date_gmt":"2025-07-03T09:59:13","guid":{"rendered":"https:\/\/www.imspbdn.cat\/?post_type=noticia&#038;p=5489"},"modified":"2025-07-07T11:00:07","modified_gmt":"2025-07-07T10:00:07","slug":"la-llar-residencia-de-salut-mental-sant-roc-celebra-el-seu-15e-aniversari-amb-una-sortida-en-catamara-i-un-dinar-a-la-llar","status":"publish","type":"noticia","link":"https:\/\/www.imspbdn.cat\/es\/noticies\/la-llar-residencia-de-salut-mental-sant-roc-celebra-el-seu-15e-aniversari-amb-una-sortida-en-catamara-i-un-dinar-a-la-llar\/","title":{"rendered":"La Llar Resid\u00e8ncia de Salut Mental Sant Roc celebra el seu 15\u00e8 aniversari amb una sortida en catamar\u00e0 i un dinar a la Llar"},"featured_media":5499,"template":"","meta":{"site-sidebar-layout":"no-sidebar","site-content-layout":"page-builder","ast-global-header-display":"","ast-main-header-display":"","ast-hfb-above-header-display":"","ast-hfb-below-header-display":"","ast-hfb-mobile-header-display":"","site-post-title":"disabled","ast-breadcrumbs-content":"","ast-featured-img":"disabled","footer-sml-layout":"","theme-transparent-header-meta":"default","adv-header-id-meta":"","stick-header-meta":"default","header-above-stick-meta":"","header-main-stick-meta":"","header-below-stick-meta":""},"class_list":["post-5489","noticia","type-noticia","status-publish","has-post-thumbnail","hentry"],"acf":[],"_links":{"self":[{"href":"https:\/\/www.imspbdn.cat\/es\/wp-json\/wp\/v2\/noticia\/5489","targetHints":{"allow":["GET"]}}],"collection":[{"href":"https:\/\/www.imspbdn.cat\/es\/wp-json\/wp\/v2\/noticia"}],"about":[{"href":"https:\/\/www.imspbdn.cat\/es\/wp-json\/wp\/v2\/types\/noticia"}],"wp:featuredmedia":[{"embeddable":true,"href":"https:\/\/www.imspbdn.cat\/es\/wp-json\/wp\/v2\/media\/5499"}],"wp:attachment":[{"href":"https:\/\/www.imspbdn.cat\/es\/wp-json\/wp\/v2\/media?parent=5489"}],"curies":[{"name":"wp","href":"https:\/\/api.w.org\/{rel}","templated":true}]}}