{"id":3929,"date":"2023-10-09T13:38:34","date_gmt":"2023-10-09T12:38:34","guid":{"rendered":"https:\/\/www.imspbdn.cat\/?post_type=noticia&#038;p=3929"},"modified":"2023-10-09T13:38:34","modified_gmt":"2023-10-09T12:38:34","slug":"la-taula-dinfancia-i-adolescencia-de-badalona-tiab-organitza-el-proxim-20-doctubre-un-forum-de-debat-amb-families","status":"publish","type":"noticia","link":"https:\/\/www.imspbdn.cat\/es\/noticies\/la-taula-dinfancia-i-adolescencia-de-badalona-tiab-organitza-el-proxim-20-doctubre-un-forum-de-debat-amb-families\/","title":{"rendered":"La Taula d\u2019Inf\u00e0ncia i Adolesc\u00e8ncia de Badalona (TIAB) organitza el pr\u00f2xim 20 d\u2019octubre un f\u00f2rum de debat amb fam\u00edlies"},"featured_media":3932,"template":"","meta":{"site-sidebar-layout":"no-sidebar","site-content-layout":"page-builder","ast-global-header-display":"","ast-main-header-display":"","ast-hfb-above-header-display":"","ast-hfb-below-header-display":"","ast-hfb-mobile-header-display":"","site-post-title":"disabled","ast-breadcrumbs-content":"","ast-featured-img":"disabled","footer-sml-layout":"","theme-transparent-header-meta":"default","adv-header-id-meta":"","stick-header-meta":"default","header-above-stick-meta":"","header-main-stick-meta":"","header-below-stick-meta":""},"class_list":["post-3929","noticia","type-noticia","status-publish","has-post-thumbnail","hentry"],"acf":[],"_links":{"self":[{"href":"https:\/\/www.imspbdn.cat\/es\/wp-json\/wp\/v2\/noticia\/3929","targetHints":{"allow":["GET"]}}],"collection":[{"href":"https:\/\/www.imspbdn.cat\/es\/wp-json\/wp\/v2\/noticia"}],"about":[{"href":"https:\/\/www.imspbdn.cat\/es\/wp-json\/wp\/v2\/types\/noticia"}],"wp:featuredmedia":[{"embeddable":true,"href":"https:\/\/www.imspbdn.cat\/es\/wp-json\/wp\/v2\/media\/3932"}],"wp:attachment":[{"href":"https:\/\/www.imspbdn.cat\/es\/wp-json\/wp\/v2\/media?parent=3929"}],"curies":[{"name":"wp","href":"https:\/\/api.w.org\/{rel}","templated":true}]}}