{"id":3315,"date":"2023-04-19T09:48:19","date_gmt":"2023-04-19T08:48:19","guid":{"rendered":"https:\/\/www.imspbdn.cat\/?post_type=noticia&#038;p=3315"},"modified":"2023-09-07T08:29:42","modified_gmt":"2023-09-07T07:29:42","slug":"la-taula-dinfancia-i-adolescencia-de-badalona-tiab-presenta-el-7e-plenari","status":"publish","type":"noticia","link":"https:\/\/www.imspbdn.cat\/es\/noticies\/la-taula-dinfancia-i-adolescencia-de-badalona-tiab-presenta-el-7e-plenari\/","title":{"rendered":"La Taula d&#8217;Inf\u00e0ncia i Adolesc\u00e8ncia de Badalona (TIAB) presenta el 7\u00e8 Plenari"},"featured_media":3328,"template":"","meta":{"site-sidebar-layout":"default","site-content-layout":"default","ast-global-header-display":"","ast-main-header-display":"","ast-hfb-above-header-display":"","ast-hfb-below-header-display":"","ast-hfb-mobile-header-display":"","site-post-title":"","ast-breadcrumbs-content":"","ast-featured-img":"","footer-sml-layout":"","theme-transparent-header-meta":"default","adv-header-id-meta":"","stick-header-meta":"default","header-above-stick-meta":"","header-main-stick-meta":"","header-below-stick-meta":""},"class_list":["post-3315","noticia","type-noticia","status-publish","has-post-thumbnail","hentry"],"acf":[],"_links":{"self":[{"href":"https:\/\/www.imspbdn.cat\/es\/wp-json\/wp\/v2\/noticia\/3315","targetHints":{"allow":["GET"]}}],"collection":[{"href":"https:\/\/www.imspbdn.cat\/es\/wp-json\/wp\/v2\/noticia"}],"about":[{"href":"https:\/\/www.imspbdn.cat\/es\/wp-json\/wp\/v2\/types\/noticia"}],"wp:featuredmedia":[{"embeddable":true,"href":"https:\/\/www.imspbdn.cat\/es\/wp-json\/wp\/v2\/media\/3328"}],"wp:attachment":[{"href":"https:\/\/www.imspbdn.cat\/es\/wp-json\/wp\/v2\/media?parent=3315"}],"curies":[{"name":"wp","href":"https:\/\/api.w.org\/{rel}","templated":true}]}}