{"id":2202,"date":"2022-11-08T12:04:16","date_gmt":"2022-11-08T10:04:16","guid":{"rendered":"https:\/\/bojuca.com\/?post_type=noticia&#038;p=2202"},"modified":"2023-09-07T10:59:36","modified_gmt":"2023-09-07T09:59:36","slug":"el-centre-de-desenvolupament-infantil-i-atencio-precoc-repren-la-terapia-aquatica-a-les-installacions-de-duet-sport","status":"publish","type":"noticia","link":"https:\/\/www.imspbdn.cat\/es\/noticies\/el-centre-de-desenvolupament-infantil-i-atencio-precoc-repren-la-terapia-aquatica-a-les-installacions-de-duet-sport\/","title":{"rendered":"El Centre de Desenvolupament Infantil i Atenci\u00f3 Preco\u00e7 repr\u00e8n la Ter\u00e0pia Aqu\u00e0tica a les instal\u2022lacions de Duet Sport"},"featured_media":896,"template":"","meta":{"site-sidebar-layout":"default","site-content-layout":"default","ast-global-header-display":"","ast-main-header-display":"","ast-hfb-above-header-display":"","ast-hfb-below-header-display":"","ast-hfb-mobile-header-display":"","site-post-title":"","ast-breadcrumbs-content":"","ast-featured-img":"","footer-sml-layout":"","theme-transparent-header-meta":"default","adv-header-id-meta":"","stick-header-meta":"default","header-above-stick-meta":"","header-main-stick-meta":"","header-below-stick-meta":""},"class_list":["post-2202","noticia","type-noticia","status-publish","has-post-thumbnail","hentry"],"acf":[],"_links":{"self":[{"href":"https:\/\/www.imspbdn.cat\/es\/wp-json\/wp\/v2\/noticia\/2202","targetHints":{"allow":["GET"]}}],"collection":[{"href":"https:\/\/www.imspbdn.cat\/es\/wp-json\/wp\/v2\/noticia"}],"about":[{"href":"https:\/\/www.imspbdn.cat\/es\/wp-json\/wp\/v2\/types\/noticia"}],"wp:featuredmedia":[{"embeddable":true,"href":"https:\/\/www.imspbdn.cat\/es\/wp-json\/wp\/v2\/media\/896"}],"wp:attachment":[{"href":"https:\/\/www.imspbdn.cat\/es\/wp-json\/wp\/v2\/media?parent=2202"}],"curies":[{"name":"wp","href":"https:\/\/api.w.org\/{rel}","templated":true}]}}